{"id":6437,"date":"2022-03-21T21:17:24","date_gmt":"2022-03-21T19:17:24","guid":{"rendered":"https:\/\/www.koon.it\/?p=6437"},"modified":"2022-03-24T16:46:48","modified_gmt":"2022-03-24T14:46:48","slug":"un-lungo-viaggio-da-fermo","status":"publish","type":"post","link":"https:\/\/www.koon.it\/it_it\/un-lungo-viaggio-da-fermo\/","title":{"rendered":"Un lungo viaggio da fermo"},"content":{"rendered":"<div data-elementor-type=\"wp-post\" data-elementor-id=\"6437\" class=\"elementor elementor-6437\">\n\t\t\t\t\t\t\t\t\t<section class=\"elementor-section elementor-top-section elementor-element elementor-element-8002cfb elementor-section-full_width elementor-section-height-default elementor-section-height-default qodef-elementor-content-no\" data-id=\"8002cfb\" data-element_type=\"section\">\n\t\t\t\t\t\t<div class=\"elementor-container elementor-column-gap-no\">\n\t\t\t\t\t<div class=\"elementor-column elementor-col-100 elementor-top-column elementor-element elementor-element-6e0ebd3\" data-id=\"6e0ebd3\" data-element_type=\"column\">\n\t\t\t<div class=\"elementor-widget-wrap elementor-element-populated\">\n\t\t\t\t\t\t\t\t<div class=\"elementor-element elementor-element-829292d elementor-drop-cap-yes elementor-drop-cap-view-default elementor-widget elementor-widget-text-editor\" data-id=\"829292d\" data-element_type=\"widget\" data-settings=\"{&quot;drop_cap&quot;:&quot;yes&quot;}\" data-widget_type=\"text-editor.default\">\n\t\t\t\t<div class=\"elementor-widget-container\">\n\t\t\t\t\t\t\t<p class=\"p1\">Un Brand come Koon, si s\u00e0, \u00e8 spesso oggetto di richieste di collaborazioni e partnership, sia online che off-line. Quando ci \u00e8 arrivata la mail di Michele Adami non ci \u00e8 parso vero; Esistono progetti nei quali<span class=\"Apple-converted-space\">\u00a0 <\/span>le affinit\u00e0 elettive si manifestano immediatamente, senza mediazioni e senza compromessi.<\/p><p class=\"p1\">Andare poco pi\u00f9 di 7 volte in 7 giorni in bicicletta da Verona a Napoli. E&#8217; questa la dimensione dell\u2019impresa sportiva estrema intitolata <strong>Un lungo viaggio da fermo<\/strong> che Michele Adami di Roverchiara (VR) ha in mente di portare a termine il prossimo giugno a Verona. <strong>E lo far\u00e0 senza muoversi di un centimetro.<\/strong><\/p><p class=\"p1\">Questo perch\u00e9 il ciclista di 45 anni &#8211; che nella vita &#8220;normale&#8221; \u00e8 sposato, ha 3 figli ed \u00e8 socio di un\u2019agenzia immobiliare di Villafranca di Verona &#8211; intende pedalare quasi ininterrottamente su una bicicletta montata sui rulli.<\/p>\t\t\t\t\t\t<\/div>\n\t\t\t\t<\/div>\n\t\t\t\t\t<\/div>\n\t\t<\/div>\n\t\t\t\t\t\t\t<\/div>\n\t\t<\/section>\n\t\t\t\t<section class=\"elementor-section elementor-top-section elementor-element elementor-element-d7a0026 elementor-section-full_width elementor-section-height-default elementor-section-height-default qodef-elementor-content-no\" data-id=\"d7a0026\" data-element_type=\"section\" data-settings=\"{&quot;background_background&quot;:&quot;classic&quot;}\">\n\t\t\t\t\t\t<div class=\"elementor-container elementor-column-gap-no\">\n\t\t\t\t\t<div class=\"elementor-column elementor-col-100 elementor-top-column elementor-element elementor-element-8987987\" data-id=\"8987987\" data-element_type=\"column\">\n\t\t\t<div class=\"elementor-widget-wrap elementor-element-populated\">\n\t\t\t\t\t\t\t\t<div class=\"elementor-element elementor-element-b385afd elementor-widget elementor-widget-text-editor\" data-id=\"b385afd\" data-element_type=\"widget\" data-widget_type=\"text-editor.default\">\n\t\t\t\t<div class=\"elementor-widget-container\">\n\t\t\t\t\t\t\t<blockquote><p class=\"p1\">L&#8217;ispirazione mi \u00e8 venuta durante il lockdown del 2020 chiuso in casa come tutti, ho cercato qualcosa che mi tenesse impegnato e ho cominciato a pedalare sui rulli. Ho visto che sia le gambe che la testa rispondevano bene&#8230;<\/p><\/blockquote>\t\t\t\t\t\t<\/div>\n\t\t\t\t<\/div>\n\t\t\t\t\t<\/div>\n\t\t<\/div>\n\t\t\t\t\t\t\t<\/div>\n\t\t<\/section>\n\t\t\t\t<section class=\"elementor-section elementor-top-section elementor-element elementor-element-c08cf23 elementor-section-full_width elementor-section-height-default elementor-section-height-default qodef-elementor-content-no\" data-id=\"c08cf23\" data-element_type=\"section\">\n\t\t\t\t\t\t<div class=\"elementor-container elementor-column-gap-no\">\n\t\t\t\t\t<div class=\"elementor-column elementor-col-100 elementor-top-column elementor-element elementor-element-15dfdf1\" data-id=\"15dfdf1\" data-element_type=\"column\">\n\t\t\t<div class=\"elementor-widget-wrap elementor-element-populated\">\n\t\t\t\t\t\t\t\t<div class=\"elementor-element elementor-element-f8364c7 elementor-widget elementor-widget-image\" data-id=\"f8364c7\" data-element_type=\"widget\" data-widget_type=\"image.default\">\n\t\t\t\t<div class=\"elementor-widget-container\">\n\t\t\t\t\t\t\t\t\t\t\t\t\t\t\t<img data-attachment-id=\"9730\" data-permalink=\"https:\/\/www.koon.it\/it_it\/un-lungo-viaggio-da-fermo\/michewr-5972\/\" data-orig-file=\"https:\/\/www.koon.it\/wp-content\/uploads\/2022\/03\/MicheWR-5972.jpg\" data-orig-size=\"2048,1363\" data-comments-opened=\"1\" data-image-meta=\"{&quot;aperture&quot;:&quot;0&quot;,&quot;credit&quot;:&quot;&quot;,&quot;camera&quot;:&quot;&quot;,&quot;caption&quot;:&quot;&quot;,&quot;created_timestamp&quot;:&quot;0&quot;,&quot;copyright&quot;:&quot;&quot;,&quot;focal_length&quot;:&quot;0&quot;,&quot;iso&quot;:&quot;0&quot;,&quot;shutter_speed&quot;:&quot;0&quot;,&quot;title&quot;:&quot;&quot;,&quot;orientation&quot;:&quot;0&quot;}\" data-image-title=\"MicheWR-5972\" data-image-description=\"\" data-image-caption=\"&lt;p&gt;foto Claudio Venturini&lt;\/p&gt;\" data-medium-file=\"https:\/\/www.koon.it\/wp-content\/uploads\/2022\/03\/MicheWR-5972-300x200.jpg\" data-large-file=\"https:\/\/www.koon.it\/wp-content\/uploads\/2022\/03\/MicheWR-5972-1024x682.jpg\" decoding=\"async\" loading=\"lazy\" width=\"2048\" height=\"1363\" data-src=\"https:\/\/www.koon.it\/wp-content\/uploads\/2022\/03\/MicheWR-5972.jpg\" class=\"attachment-full size-full wp-image-9730 lazyload\" alt=\"\" data-srcset=\"https:\/\/www.koon.it\/wp-content\/uploads\/2022\/03\/MicheWR-5972.jpg 2048w, https:\/\/www.koon.it\/wp-content\/uploads\/2022\/03\/MicheWR-5972-600x399.jpg 600w, https:\/\/www.koon.it\/wp-content\/uploads\/2022\/03\/MicheWR-5972-300x200.jpg 300w, https:\/\/www.koon.it\/wp-content\/uploads\/2022\/03\/MicheWR-5972-1024x682.jpg 1024w, https:\/\/www.koon.it\/wp-content\/uploads\/2022\/03\/MicheWR-5972-768x511.jpg 768w, https:\/\/www.koon.it\/wp-content\/uploads\/2022\/03\/MicheWR-5972-1536x1022.jpg 1536w, https:\/\/www.koon.it\/wp-content\/uploads\/2022\/03\/MicheWR-5972-18x12.jpg 18w\" data-sizes=\"(max-width: 2048px) 100vw, 2048px\" src=\"data:image\/gif;base64,R0lGODlhAQABAAAAACH5BAEKAAEALAAAAAABAAEAAAICTAEAOw==\" style=\"--smush-placeholder-width: 2048px; --smush-placeholder-aspect-ratio: 2048\/1363;\" \/><noscript><img data-attachment-id=\"9730\" data-permalink=\"https:\/\/www.koon.it\/it_it\/un-lungo-viaggio-da-fermo\/michewr-5972\/\" data-orig-file=\"https:\/\/www.koon.it\/wp-content\/uploads\/2022\/03\/MicheWR-5972.jpg\" data-orig-size=\"2048,1363\" data-comments-opened=\"1\" data-image-meta=\"{&quot;aperture&quot;:&quot;0&quot;,&quot;credit&quot;:&quot;&quot;,&quot;camera&quot;:&quot;&quot;,&quot;caption&quot;:&quot;&quot;,&quot;created_timestamp&quot;:&quot;0&quot;,&quot;copyright&quot;:&quot;&quot;,&quot;focal_length&quot;:&quot;0&quot;,&quot;iso&quot;:&quot;0&quot;,&quot;shutter_speed&quot;:&quot;0&quot;,&quot;title&quot;:&quot;&quot;,&quot;orientation&quot;:&quot;0&quot;}\" data-image-title=\"MicheWR-5972\" data-image-description=\"\" data-image-caption=\"&lt;p&gt;foto Claudio Venturini&lt;\/p&gt;\" data-medium-file=\"https:\/\/www.koon.it\/wp-content\/uploads\/2022\/03\/MicheWR-5972-300x200.jpg\" data-large-file=\"https:\/\/www.koon.it\/wp-content\/uploads\/2022\/03\/MicheWR-5972-1024x682.jpg\" decoding=\"async\" loading=\"lazy\" width=\"2048\" height=\"1363\" src=\"https:\/\/www.koon.it\/wp-content\/uploads\/2022\/03\/MicheWR-5972.jpg\" class=\"attachment-full size-full wp-image-9730\" alt=\"\" srcset=\"https:\/\/www.koon.it\/wp-content\/uploads\/2022\/03\/MicheWR-5972.jpg 2048w, https:\/\/www.koon.it\/wp-content\/uploads\/2022\/03\/MicheWR-5972-600x399.jpg 600w, https:\/\/www.koon.it\/wp-content\/uploads\/2022\/03\/MicheWR-5972-300x200.jpg 300w, https:\/\/www.koon.it\/wp-content\/uploads\/2022\/03\/MicheWR-5972-1024x682.jpg 1024w, https:\/\/www.koon.it\/wp-content\/uploads\/2022\/03\/MicheWR-5972-768x511.jpg 768w, https:\/\/www.koon.it\/wp-content\/uploads\/2022\/03\/MicheWR-5972-1536x1022.jpg 1536w, https:\/\/www.koon.it\/wp-content\/uploads\/2022\/03\/MicheWR-5972-18x12.jpg 18w\" sizes=\"(max-width: 2048px) 100vw, 2048px\" \/><\/noscript>\t\t\t\t\t\t\t\t\t\t\t\t\t\t\t<\/div>\n\t\t\t\t<\/div>\n\t\t\t\t\t<\/div>\n\t\t<\/div>\n\t\t\t\t\t\t\t<\/div>\n\t\t<\/section>\n\t\t\t\t<section class=\"elementor-section elementor-top-section elementor-element elementor-element-61be385 elementor-section-full_width elementor-section-height-default elementor-section-height-default qodef-elementor-content-no\" data-id=\"61be385\" data-element_type=\"section\">\n\t\t\t\t\t\t<div class=\"elementor-container elementor-column-gap-no\">\n\t\t\t\t\t<div class=\"elementor-column elementor-col-100 elementor-top-column elementor-element elementor-element-89b5934\" data-id=\"89b5934\" data-element_type=\"column\">\n\t\t\t<div class=\"elementor-widget-wrap elementor-element-populated\">\n\t\t\t\t\t\t\t\t<div class=\"elementor-element elementor-element-4f8a474 elementor-drop-cap-yes elementor-drop-cap-view-default elementor-widget elementor-widget-text-editor\" data-id=\"4f8a474\" data-element_type=\"widget\" data-settings=\"{&quot;drop_cap&quot;:&quot;yes&quot;}\" data-widget_type=\"text-editor.default\">\n\t\t\t\t<div class=\"elementor-widget-container\">\n\t\t\t\t\t\t\t<p class=\"p1\">L&#8217;obiettivo \u00e8 quello di fare 5.000 km in una settimana, andando ben oltre i 2.739 km in 6 giorni del Record attuale, stabilito dal basco Jul\u00ecan Sanz nel Novembre 2014. Una sfida\u00a0ai limiti della tenuta fisica e mentale, alla cui preparazione il futuro recordman si sta dedicando intensamente, forte anche del supporto di campioni e professionisti di primo livello: \u201cHo una precisa tabella di allenamento che prevede molte ore di bicicletta e palestra &#8211; spiega ancora il ciclista &#8211; studiata insieme a Diego Bragato e Marco Compri, componenti dello Staff Performance della Federazione e della Nazionale Italiana di ciclismo, che ha vinto i Giochi Olimpici su pista a Tokio.<\/p><p class=\"p1\">Per l\u2019aspetto tecnico, abbigliamento, scarpe e bici Michele si \u00e8 affidato al Gruppo Zecchetto di cui \u00e8 testimonial Mario Cipollini, uno dei pi\u00f9 grandi ciclisti italiani di sempre.<\/p>\t\t\t\t\t\t<\/div>\n\t\t\t\t<\/div>\n\t\t\t\t\t<\/div>\n\t\t<\/div>\n\t\t\t\t\t\t\t<\/div>\n\t\t<\/section>\n\t\t\t\t<section class=\"elementor-section elementor-top-section elementor-element elementor-element-833dbdc elementor-section-boxed elementor-section-height-default elementor-section-height-default qodef-elementor-content-no\" data-id=\"833dbdc\" data-element_type=\"section\">\n\t\t\t\t\t\t<div class=\"elementor-container elementor-column-gap-no\">\n\t\t\t\t\t<div class=\"elementor-column elementor-col-100 elementor-top-column elementor-element elementor-element-319f50c\" data-id=\"319f50c\" data-element_type=\"column\">\n\t\t\t<div class=\"elementor-widget-wrap elementor-element-populated\">\n\t\t\t\t\t\t\t\t<div class=\"elementor-element elementor-element-1e2aaf5 elementor-widget elementor-widget-eona_core_image_gallery\" data-id=\"1e2aaf5\" data-element_type=\"widget\" data-widget_type=\"eona_core_image_gallery.default\">\n\t\t\t\t<div class=\"elementor-widget-container\">\n\t\t\t<div class=\"qodef-shortcode qodef-m  qodef-image-gallery    qodef-grid qodef-layout--columns  qodef-gutter--small qodef-col-num--2     qodef-slider-navigation--off qodef-slider-pagination--off   qodef-responsive--predefined\">\n    <div class=\"qodef-grid-inner clear\">\n\t\t<div class=\"qodef-e qodef-image-wrapper qodef-grid-item\">\n\t\t\t\t<\/div><div class=\"qodef-e qodef-image-wrapper qodef-grid-item\">\n\t\t\t\t<\/div>    <\/div>\n<\/div>\t\t<\/div>\n\t\t\t\t<\/div>\n\t\t\t\t\t<\/div>\n\t\t<\/div>\n\t\t\t\t\t\t\t<\/div>\n\t\t<\/section>\n\t\t\t\t<section class=\"elementor-section elementor-top-section elementor-element elementor-element-10b79a4 elementor-section-full_width elementor-section-height-default elementor-section-height-default qodef-elementor-content-no\" data-id=\"10b79a4\" data-element_type=\"section\">\n\t\t\t\t\t\t<div class=\"elementor-container elementor-column-gap-no\">\n\t\t\t\t\t<div class=\"elementor-column elementor-col-100 elementor-top-column elementor-element elementor-element-82e312b\" data-id=\"82e312b\" data-element_type=\"column\">\n\t\t\t<div class=\"elementor-widget-wrap elementor-element-populated\">\n\t\t\t\t\t\t\t\t<div class=\"elementor-element elementor-element-f0b8b6c elementor-drop-cap-yes elementor-drop-cap-view-default elementor-widget elementor-widget-text-editor\" data-id=\"f0b8b6c\" data-element_type=\"widget\" data-settings=\"{&quot;drop_cap&quot;:&quot;yes&quot;}\" data-widget_type=\"text-editor.default\">\n\t\t\t\t<div class=\"elementor-widget-container\">\n\t\t\t\t\t\t\t<p class=\"p1\"><strong>Noi di Koon invece abbiamo portato al futuro recordman una vasta selezione di capi della Primavera Estate 22, per accompagnarlo nei momenti non agonistici delle sue giornate.<br \/><br \/><\/strong>Il mezzo che verr\u00e0 usato per il Record verr\u00e0 probabilmente installato nel centro storico di Verona nel mese di Giugno, in probabile concomitanza con l&#8217;arrivo del Giro d&#8217;Italia. Altre sinergie e patrocini da personalit\u00e0 della spettacolo si stanno rapidamente delineando all\u2019orizzonte. <br \/>I dettagli sono in corso di definizione, grazie all\u2019interesse dell&#8217;assessore Filippo Rando ed il Comune di Verona che ha gi\u00e0\u2000 promesso il patrocinio, cos\u00ec come la Regione Veneto.<span class=\"Apple-converted-space\">\u00a0<\/span><\/p><p class=\"p1\">Proprio dal massimo rappresentante della regione, il Presidente Luca Zaia, sono arrivati gli auguri ad Adami. <br \/>&#8216;Buona pedalata\u2019 ha augurato il Governatore attraverso i suoi profili social, ricordando anche il <strong>fine benefico dell\u2019iniziativa.<span class=\"Apple-converted-space\">\u00a0<\/span><\/strong><\/p>\t\t\t\t\t\t<\/div>\n\t\t\t\t<\/div>\n\t\t\t\t<div class=\"elementor-element elementor-element-b171beb elementor-widget elementor-widget-image\" data-id=\"b171beb\" data-element_type=\"widget\" data-widget_type=\"image.default\">\n\t\t\t\t<div class=\"elementor-widget-container\">\n\t\t\t\t\t\t\t\t\t\t\t\t\t\t\t<img data-attachment-id=\"9727\" data-permalink=\"https:\/\/www.koon.it\/it_it\/un-lungo-viaggio-da-fermo\/michele_pedala\/\" data-orig-file=\"https:\/\/www.koon.it\/wp-content\/uploads\/2022\/03\/Michele_pedala.png\" data-orig-size=\"921,515\" data-comments-opened=\"1\" data-image-meta=\"{&quot;aperture&quot;:&quot;0&quot;,&quot;credit&quot;:&quot;&quot;,&quot;camera&quot;:&quot;&quot;,&quot;caption&quot;:&quot;&quot;,&quot;created_timestamp&quot;:&quot;0&quot;,&quot;copyright&quot;:&quot;&quot;,&quot;focal_length&quot;:&quot;0&quot;,&quot;iso&quot;:&quot;0&quot;,&quot;shutter_speed&quot;:&quot;0&quot;,&quot;title&quot;:&quot;&quot;,&quot;orientation&quot;:&quot;0&quot;}\" data-image-title=\"Michele_pedala\" data-image-description=\"\" data-image-caption=\"\" data-medium-file=\"https:\/\/www.koon.it\/wp-content\/uploads\/2022\/03\/Michele_pedala-300x168.png\" data-large-file=\"https:\/\/www.koon.it\/wp-content\/uploads\/2022\/03\/Michele_pedala.png\" decoding=\"async\" loading=\"lazy\" width=\"921\" height=\"515\" data-src=\"https:\/\/www.koon.it\/wp-content\/uploads\/2022\/03\/Michele_pedala.png\" class=\"attachment-large size-large wp-image-9727 lazyload\" alt=\"\" data-srcset=\"https:\/\/www.koon.it\/wp-content\/uploads\/2022\/03\/Michele_pedala.png 921w, https:\/\/www.koon.it\/wp-content\/uploads\/2022\/03\/Michele_pedala-600x336.png 600w, https:\/\/www.koon.it\/wp-content\/uploads\/2022\/03\/Michele_pedala-300x168.png 300w, https:\/\/www.koon.it\/wp-content\/uploads\/2022\/03\/Michele_pedala-768x429.png 768w, https:\/\/www.koon.it\/wp-content\/uploads\/2022\/03\/Michele_pedala-18x10.png 18w\" data-sizes=\"(max-width: 921px) 100vw, 921px\" src=\"data:image\/gif;base64,R0lGODlhAQABAAAAACH5BAEKAAEALAAAAAABAAEAAAICTAEAOw==\" style=\"--smush-placeholder-width: 921px; --smush-placeholder-aspect-ratio: 921\/515;\" \/><noscript><img data-attachment-id=\"9727\" data-permalink=\"https:\/\/www.koon.it\/it_it\/un-lungo-viaggio-da-fermo\/michele_pedala\/\" data-orig-file=\"https:\/\/www.koon.it\/wp-content\/uploads\/2022\/03\/Michele_pedala.png\" data-orig-size=\"921,515\" data-comments-opened=\"1\" data-image-meta=\"{&quot;aperture&quot;:&quot;0&quot;,&quot;credit&quot;:&quot;&quot;,&quot;camera&quot;:&quot;&quot;,&quot;caption&quot;:&quot;&quot;,&quot;created_timestamp&quot;:&quot;0&quot;,&quot;copyright&quot;:&quot;&quot;,&quot;focal_length&quot;:&quot;0&quot;,&quot;iso&quot;:&quot;0&quot;,&quot;shutter_speed&quot;:&quot;0&quot;,&quot;title&quot;:&quot;&quot;,&quot;orientation&quot;:&quot;0&quot;}\" data-image-title=\"Michele_pedala\" data-image-description=\"\" data-image-caption=\"\" data-medium-file=\"https:\/\/www.koon.it\/wp-content\/uploads\/2022\/03\/Michele_pedala-300x168.png\" data-large-file=\"https:\/\/www.koon.it\/wp-content\/uploads\/2022\/03\/Michele_pedala.png\" decoding=\"async\" loading=\"lazy\" width=\"921\" height=\"515\" src=\"https:\/\/www.koon.it\/wp-content\/uploads\/2022\/03\/Michele_pedala.png\" class=\"attachment-large size-large wp-image-9727\" alt=\"\" srcset=\"https:\/\/www.koon.it\/wp-content\/uploads\/2022\/03\/Michele_pedala.png 921w, https:\/\/www.koon.it\/wp-content\/uploads\/2022\/03\/Michele_pedala-600x336.png 600w, https:\/\/www.koon.it\/wp-content\/uploads\/2022\/03\/Michele_pedala-300x168.png 300w, https:\/\/www.koon.it\/wp-content\/uploads\/2022\/03\/Michele_pedala-768x429.png 768w, https:\/\/www.koon.it\/wp-content\/uploads\/2022\/03\/Michele_pedala-18x10.png 18w\" sizes=\"(max-width: 921px) 100vw, 921px\" \/><\/noscript>\t\t\t\t\t\t\t\t\t\t\t\t\t\t\t<\/div>\n\t\t\t\t<\/div>\n\t\t\t\t\t<\/div>\n\t\t<\/div>\n\t\t\t\t\t\t\t<\/div>\n\t\t<\/section>\n\t\t\t\t<section class=\"elementor-section elementor-top-section elementor-element elementor-element-c43d0c9 elementor-section-boxed elementor-section-height-default elementor-section-height-default qodef-elementor-content-no\" data-id=\"c43d0c9\" data-element_type=\"section\">\n\t\t\t\t\t\t<div class=\"elementor-container elementor-column-gap-default\">\n\t\t\t\t\t<div class=\"elementor-column elementor-col-100 elementor-top-column elementor-element elementor-element-e4de6ca\" data-id=\"e4de6ca\" data-element_type=\"column\">\n\t\t\t<div class=\"elementor-widget-wrap elementor-element-populated\">\n\t\t\t\t\t\t\t\t<div class=\"elementor-element elementor-element-3d3d380 elementor-drop-cap-yes elementor-drop-cap-view-default elementor-widget elementor-widget-text-editor\" data-id=\"3d3d380\" data-element_type=\"widget\" data-settings=\"{&quot;drop_cap&quot;:&quot;yes&quot;}\" data-widget_type=\"text-editor.default\">\n\t\t\t\t<div class=\"elementor-widget-container\">\n\t\t\t\t\t\t\t<p><strong>Ed \u00e8 il fine benefico, unitamente al valore simbolico di questa iniziativa che ci ha definitivamente fatto innamorare di questo progetto.<\/strong><br \/>Il ricavato, tra sponsor, donazioni e raccolta fondi sar\u00e0 interamente devoluto alla onlus <span style=\"text-decoration: underline; color: #ff6600;\"><a style=\"color: #ff6600; text-decoration: underline;\" href=\"https:\/\/www.dynamocamp.org\/\">Dynamo Camp<\/a><\/span> che a Pistoia, in una splendida oasi naturale, offre nelle proprie strutture programmi gratuiti di terapia ricreativa alle famiglie con bambini e ragazzi affetti da malattie croniche, in terapia o nel periodo post ospedalizzazione. <br \/>Questo non sar\u00e0 il mio Record, ma il Record di tutti Noi &#8211; conclude &#8211; e un altro obiettivo \u00e8 poter dare un aiuto concreto. Sono stati anni difficili per tutti, me compreso. La mia speranza \u00e8 poter trasmettere a tutti un po&#8217; della forza che sto scoprendo ogni giorno per ripartire con fiducia.<\/p><p>E ci auguriamo che la tua fiducia sia di sprono e di ispirazione per molti, Michele, noi compresi. <br \/><span style=\"color: #ff6600;\"><a style=\"color: #ff6600;\" href=\"http:\/\/www.unlungoviaggiodafermo.com\">Qui<\/a><\/span> il sito ufficiale della sua iniziativa e il suo profilo <span style=\"color: #ff6600;\"><a style=\"color: #ff6600;\" href=\"http:\/\/www.facebook.com\/MicheAdami\">Facebook.<\/a><\/span><\/p>\t\t\t\t\t\t<\/div>\n\t\t\t\t<\/div>\n\t\t\t\t<div class=\"elementor-element elementor-element-16190f4 elementor-widget elementor-widget-image\" data-id=\"16190f4\" data-element_type=\"widget\" data-widget_type=\"image.default\">\n\t\t\t\t<div class=\"elementor-widget-container\">\n\t\t\t\t\t\t\t\t\t\t\t\t\t\t\t<img data-attachment-id=\"9729\" data-permalink=\"https:\/\/www.koon.it\/it_it\/un-lungo-viaggio-da-fermo\/michewr-0831\/\" data-orig-file=\"https:\/\/www.koon.it\/wp-content\/uploads\/2022\/03\/MicheWR-0831.jpg\" data-orig-size=\"2048,1367\" data-comments-opened=\"1\" data-image-meta=\"{&quot;aperture&quot;:&quot;0&quot;,&quot;credit&quot;:&quot;&quot;,&quot;camera&quot;:&quot;&quot;,&quot;caption&quot;:&quot;&quot;,&quot;created_timestamp&quot;:&quot;0&quot;,&quot;copyright&quot;:&quot;&quot;,&quot;focal_length&quot;:&quot;0&quot;,&quot;iso&quot;:&quot;0&quot;,&quot;shutter_speed&quot;:&quot;0&quot;,&quot;title&quot;:&quot;&quot;,&quot;orientation&quot;:&quot;0&quot;}\" data-image-title=\"MicheWR-0831\" data-image-description=\"\" data-image-caption=\"&lt;p&gt;foto Claudio Venturini&lt;\/p&gt;\" data-medium-file=\"https:\/\/www.koon.it\/wp-content\/uploads\/2022\/03\/MicheWR-0831-300x200.jpg\" data-large-file=\"https:\/\/www.koon.it\/wp-content\/uploads\/2022\/03\/MicheWR-0831-1024x684.jpg\" decoding=\"async\" loading=\"lazy\" width=\"1024\" height=\"684\" data-src=\"https:\/\/www.koon.it\/wp-content\/uploads\/2022\/03\/MicheWR-0831-1024x684.jpg\" class=\"attachment-large size-large wp-image-9729 lazyload\" alt=\"\" data-srcset=\"https:\/\/www.koon.it\/wp-content\/uploads\/2022\/03\/MicheWR-0831-1024x684.jpg 1024w, https:\/\/www.koon.it\/wp-content\/uploads\/2022\/03\/MicheWR-0831-600x400.jpg 600w, https:\/\/www.koon.it\/wp-content\/uploads\/2022\/03\/MicheWR-0831-300x200.jpg 300w, https:\/\/www.koon.it\/wp-content\/uploads\/2022\/03\/MicheWR-0831-768x513.jpg 768w, https:\/\/www.koon.it\/wp-content\/uploads\/2022\/03\/MicheWR-0831-1536x1025.jpg 1536w, https:\/\/www.koon.it\/wp-content\/uploads\/2022\/03\/MicheWR-0831-18x12.jpg 18w, https:\/\/www.koon.it\/wp-content\/uploads\/2022\/03\/MicheWR-0831.jpg 2048w\" data-sizes=\"(max-width: 1024px) 100vw, 1024px\" src=\"data:image\/gif;base64,R0lGODlhAQABAAAAACH5BAEKAAEALAAAAAABAAEAAAICTAEAOw==\" style=\"--smush-placeholder-width: 1024px; --smush-placeholder-aspect-ratio: 1024\/684;\" \/><noscript><img data-attachment-id=\"9729\" data-permalink=\"https:\/\/www.koon.it\/it_it\/un-lungo-viaggio-da-fermo\/michewr-0831\/\" data-orig-file=\"https:\/\/www.koon.it\/wp-content\/uploads\/2022\/03\/MicheWR-0831.jpg\" data-orig-size=\"2048,1367\" data-comments-opened=\"1\" data-image-meta=\"{&quot;aperture&quot;:&quot;0&quot;,&quot;credit&quot;:&quot;&quot;,&quot;camera&quot;:&quot;&quot;,&quot;caption&quot;:&quot;&quot;,&quot;created_timestamp&quot;:&quot;0&quot;,&quot;copyright&quot;:&quot;&quot;,&quot;focal_length&quot;:&quot;0&quot;,&quot;iso&quot;:&quot;0&quot;,&quot;shutter_speed&quot;:&quot;0&quot;,&quot;title&quot;:&quot;&quot;,&quot;orientation&quot;:&quot;0&quot;}\" data-image-title=\"MicheWR-0831\" data-image-description=\"\" data-image-caption=\"&lt;p&gt;foto Claudio Venturini&lt;\/p&gt;\" data-medium-file=\"https:\/\/www.koon.it\/wp-content\/uploads\/2022\/03\/MicheWR-0831-300x200.jpg\" data-large-file=\"https:\/\/www.koon.it\/wp-content\/uploads\/2022\/03\/MicheWR-0831-1024x684.jpg\" decoding=\"async\" loading=\"lazy\" width=\"1024\" height=\"684\" src=\"https:\/\/www.koon.it\/wp-content\/uploads\/2022\/03\/MicheWR-0831-1024x684.jpg\" class=\"attachment-large size-large wp-image-9729\" alt=\"\" srcset=\"https:\/\/www.koon.it\/wp-content\/uploads\/2022\/03\/MicheWR-0831-1024x684.jpg 1024w, https:\/\/www.koon.it\/wp-content\/uploads\/2022\/03\/MicheWR-0831-600x400.jpg 600w, https:\/\/www.koon.it\/wp-content\/uploads\/2022\/03\/MicheWR-0831-300x200.jpg 300w, https:\/\/www.koon.it\/wp-content\/uploads\/2022\/03\/MicheWR-0831-768x513.jpg 768w, https:\/\/www.koon.it\/wp-content\/uploads\/2022\/03\/MicheWR-0831-1536x1025.jpg 1536w, https:\/\/www.koon.it\/wp-content\/uploads\/2022\/03\/MicheWR-0831-18x12.jpg 18w, https:\/\/www.koon.it\/wp-content\/uploads\/2022\/03\/MicheWR-0831.jpg 2048w\" sizes=\"(max-width: 1024px) 100vw, 1024px\" \/><\/noscript>\t\t\t\t\t\t\t\t\t\t\t\t\t\t\t<\/div>\n\t\t\t\t<\/div>\n\t\t\t\t\t<\/div>\n\t\t<\/div>\n\t\t\t\t\t\t\t<\/div>\n\t\t<\/section>\n\t\t\t\t\t\t\t<\/div>","protected":false},"excerpt":{"rendered":"<p>Lorem ipsum dolor sit amet, consectetur adipiscing elit, sed do eiusmod tempor incididunt ut labore et dolore magna aliqua. Ut enim ad minim veniam, quis nostrud exercitation ullamco laboris nisi ut aliquip ex ea commodo consequat. Duis aute irure dolor in reprehenderit in voluptate velit esse cillum dolore eu fugiat nulla pariatur. Excepteur sint occaecat cupidatat non proident, sunt in culpa qui officia deserunt mollit anim id est.<\/p>","protected":false},"author":2,"featured_media":9752,"comment_status":"closed","ping_status":"open","sticky":false,"template":"","format":"standard","meta":{"footnotes":"","_jetpack_memberships_contains_paid_content":false},"categories":[20,21,24,25],"tags":[28,33],"jetpack_sharing_enabled":true,"jetpack_featured_media_url":"https:\/\/www.koon.it\/wp-content\/uploads\/2022\/03\/michele_koon.jpg","_links":{"self":[{"href":"https:\/\/www.koon.it\/it_it\/wp-json\/wp\/v2\/posts\/6437"}],"collection":[{"href":"https:\/\/www.koon.it\/it_it\/wp-json\/wp\/v2\/posts"}],"about":[{"href":"https:\/\/www.koon.it\/it_it\/wp-json\/wp\/v2\/types\/post"}],"author":[{"embeddable":true,"href":"https:\/\/www.koon.it\/it_it\/wp-json\/wp\/v2\/users\/2"}],"replies":[{"embeddable":true,"href":"https:\/\/www.koon.it\/it_it\/wp-json\/wp\/v2\/comments?post=6437"}],"version-history":[{"count":18,"href":"https:\/\/www.koon.it\/it_it\/wp-json\/wp\/v2\/posts\/6437\/revisions"}],"predecessor-version":[{"id":9753,"href":"https:\/\/www.koon.it\/it_it\/wp-json\/wp\/v2\/posts\/6437\/revisions\/9753"}],"wp:featuredmedia":[{"embeddable":true,"href":"https:\/\/www.koon.it\/it_it\/wp-json\/wp\/v2\/media\/9752"}],"wp:attachment":[{"href":"https:\/\/www.koon.it\/it_it\/wp-json\/wp\/v2\/media?parent=6437"}],"wp:term":[{"taxonomy":"category","embeddable":true,"href":"https:\/\/www.koon.it\/it_it\/wp-json\/wp\/v2\/categories?post=6437"},{"taxonomy":"post_tag","embeddable":true,"href":"https:\/\/www.koon.it\/it_it\/wp-json\/wp\/v2\/tags?post=6437"}],"curies":[{"name":"wp","href":"https:\/\/api.w.org\/{rel}","templated":true}]}}